{"id":4256,"date":"2025-02-22T13:54:49","date_gmt":"2025-02-22T12:54:49","guid":{"rendered":"https:\/\/back2culture.cm\/?p=4256"},"modified":"2025-03-07T09:00:37","modified_gmt":"2025-03-07T08:00:37","slug":"la-guerre-de-decolonisation-au-cameroun-revelations-dun-rapport-officiel-et-les-zones-dombre-dun-passe-oublie","status":"publish","type":"post","link":"https:\/\/back2culture.cm\/en\/histoire\/la-guerre-de-decolonisation-au-cameroun-revelations-dun-rapport-officiel-et-les-zones-dombre-dun-passe-oublie\/","title":{"rendered":"La guerre de d\u00e9colonisation au Cameroun : r\u00e9v\u00e9lations d\u2019un rapport officiel et les zones d\u2019ombre d\u2019un pass\u00e9 oubli\u00e9"},"content":{"rendered":"\n<p>Le Cameroun, comme de nombreux pays d\u2019Afrique, porte les cicatrices d\u2019un long processus de d\u00e9colonisation. Une vid\u00e9o dont la transcription a r\u00e9cemment fait surface (source : transcript YouTube) r\u00e9v\u00e8le des d\u00e9tails saisissants sur la r\u00e9pression violente op\u00e9r\u00e9e par les autorit\u00e9s coloniales fran\u00e7aises lors de la lutte pour l\u2019ind\u00e9pendance. Un rapport officiel de plus de 1000 pages vient d\u00e9sormais faire la lumi\u00e8re sur ces \u00e9v\u00e9nements, longtemps occult\u00e9s par l\u2019histoire officielle.<\/p>\n\n\n\n<h2 class=\"wp-block-heading\">Contexte historique et \u00e9mergence de la lutte pour l\u2019ind\u00e9pendance<\/h2>\n\n\n\n<p>Au sortir de la Seconde Guerre mondiale, une partie du Cameroun, sous mandat fran\u00e7ais depuis 1922, est plac\u00e9e sous tutelle par l\u2019ONU. L\u2019objectif affich\u00e9 \u00e9tait d\u2019amener les populations camerounaises vers l\u2019autonomie et l\u2019ind\u00e9pendance. Dans ce contexte se structure rapidement un mouvement nationaliste porteur d\u2019espoir :<\/p>\n\n\n\n<ul class=\"wp-block-list\">\n<li><strong>L\u2019Union des populations du Cameroun (UPC)<\/strong>, un parti politique qui r\u00e9clame l\u2019ind\u00e9pendance du pays, conna\u00eet un succ\u00e8s fulgurant aupr\u00e8s des Camerounais.<\/li>\n\n\n\n<li>Ce succ\u00e8s inqui\u00e8te les autorit\u00e9s coloniales fran\u00e7aises, qui vont alors d\u00e9ployer diverses strat\u00e9gies pour freiner le mouvement (\u200b, ).<\/li>\n<\/ul>\n\n\n\n<h2 class=\"wp-block-heading\">Les strat\u00e9gies de r\u00e9pression et la r\u00e9ponse coloniale<\/h2>\n\n\n\n<p>Face \u00e0 l\u2019essor de l\u2019UPC, les autorit\u00e9s coloniales mettent en place des mesures de r\u00e9torsion complexes :<\/p>\n\n\n\n<ul class=\"wp-block-list\">\n<li><strong>Cr\u00e9ation de faux partis<\/strong> et manipulation du paysage politique pour d\u00e9tourner l\u2019\u00e9lan ind\u00e9pendantiste.<\/li>\n\n\n\n<li>Mise en place de mesures judiciaires r\u00e9pressives d\u00e8s 1955, visant \u00e0 d\u00e9clarer l\u2019UPC ill\u00e9gale et \u00e0 freiner la mobilisation des nationalistes.<\/li>\n\n\n\n<li>R\u00e9pression cibl\u00e9e contre les membres de l\u2019UPC, dont beaucoup sont fonctionnaires et voient leur carri\u00e8re bris\u00e9e par des mutations arbitraires et des restrictions de d\u00e9placements, notamment \u00e0 l\u2019ONU.<br>Ces man\u0153uvres politiques et judiciaires pr\u00e9figurent une r\u00e9pression de plus en plus violente qui se fera sentir sur l\u2019ensemble du territoire.<\/li>\n<\/ul>\n\n\n\n<h2 class=\"wp-block-heading\">Les violences et massacres : le massacre d\u2019\u00c9quit\u00e9 et l\u2019assassinat des leaders<\/h2>\n\n\n\n<p>La violence de la r\u00e9pression coloniale ne se limite pas aux mesures administratives. La vid\u00e9o relate plusieurs faits marquants\u202f:<\/p>\n\n\n\n<ul class=\"wp-block-list\">\n<li><strong>Le massacre d\u2019\u00c9quit\u00e9 (30-31 d\u00e9cembre 1956)<\/strong><br>Lors d\u2019une r\u00e9union pacifique rassemblant plusieurs militants up\u00e9cistes dans une maison priv\u00e9e, l\u2019arm\u00e9e fran\u00e7aise lance un assaut brutal.\n<ul class=\"wp-block-list\">\n<li>Les archives militaires \u00e9voquent environ 20 morts, alors que des t\u00e9moins locaux estiment que le bilan se chiffre entre 100 et 200 victimes.<\/li>\n<\/ul>\n<\/li>\n\n\n\n<li><strong>L\u2019assassinat de Ruben Umiob\u00e9, leader de l\u2019UPC<\/strong><br>Alors qu\u2019il se cachait dans le \u00ab\u202fMaqui\u202f\u00bb (le terme d\u00e9signant les zones de r\u00e9sistance arm\u00e9e), Ruben Umiob\u00e9 est tu\u00e9 par l\u2019arm\u00e9e fran\u00e7aise dans le cadre d\u2019une op\u00e9ration cibl\u00e9e.<br>Ces \u00e9v\u00e9nements illustrent l\u2019ampleur de la violence coloniale qui, selon les estimations officielles, aura co\u00fbt\u00e9 la vie \u00e0 environ 7\u202f500 combattants camerounais entre 1956 et 1962, bien que d\u2019autres estimations chiffrent les victimes \u00e0 plusieurs dizaines de milliers.<\/li>\n<\/ul>\n\n\n\n<h2 class=\"wp-block-heading\">Un rapport officiel pour r\u00e9habiliter la m\u00e9moire<\/h2>\n\n\n\n<p>Le rapport mentionn\u00e9 dans le transcript, rendu en janvier 2025 aux pr\u00e9sidents fran\u00e7ais et camerounais, compile des faits jusqu\u2019en 1971. Il met en exergue le r\u00f4le ambigu de la France qui, malgr\u00e9 l\u2019ind\u00e9pendance du Cameroun le 1er janvier 1960, continue d\u2019intervenir politiquement et militairement :<\/p>\n\n\n\n<ul class=\"wp-block-list\">\n<li><strong>Maintien d\u2019une pr\u00e9sence fran\u00e7aise post-ind\u00e9pendance<\/strong><br>Paris aurait pouss\u00e9 pour qu\u2019Amadou Aidjo soit \u00e0 la t\u00eate du Cameroun, assurant ainsi une d\u00e9pendance durable vis-\u00e0-vis de l\u2019ancienne puissance coloniale.<\/li>\n\n\n\n<li><strong>L\u2019absence de reconnaissance officielle<\/strong><br>Jusqu\u2019\u00e0 aujourd\u2019hui, la France n\u2019a jamais reconnu officiellement sa responsabilit\u00e9 dans ces violences. Comme le rappellent les historiens interrog\u00e9s dans le rapport : \u00ab\u202fNous avons fait notre part du travail, nous attendons maintenant que les politiques fassent la leur.\u202f\u00bb<\/li>\n<\/ul>\n\n\n\n<h2 class=\"wp-block-heading\">Cons\u00e9quences et enjeux contemporains<\/h2>\n\n\n\n<p>L\u2019h\u00e9ritage de ces \u00e9v\u00e9nements continue d\u2019influencer la vie politique et sociale du Cameroun :<\/p>\n\n\n\n<ul class=\"wp-block-list\">\n<li>La m\u00e9moire des massacres et des r\u00e9pressions reste vive dans le pays, alimentant des revendications pour la reconnaissance et des r\u00e9parations.<\/li>\n\n\n\n<li>La gestion de cette partie de l\u2019histoire est \u00e9galement un enjeu de cr\u00e9dibilit\u00e9 pour la France, qui demeure silencieuse sur son implication dans ce conflit sanglant.<\/li>\n\n\n\n<li>Enfin, la publication de ce rapport ouvre la voie \u00e0 un d\u00e9bat plus large sur la r\u00e9\u00e9valuation des politiques coloniales et leurs cons\u00e9quences \u00e0 long terme (\u200b).<\/li>\n<\/ul>\n\n\n\n<h2 class=\"wp-block-heading\">Extraits de quelques intervenants de la recherche men\u00e9e par l&#8217;\u00e9quipe &#8220;Le Monde&#8221;<\/h2>\n\n\n\n<blockquote class=\"wp-block-quote is-layout-flow wp-block-quote-is-layout-flow\">\n<figure class=\"wp-block-image size-large\"><img decoding=\"async\" width=\"1024\" height=\"560\" src=\"https:\/\/back2culture.cm\/wp-content\/uploads\/2025\/02\/image-3-1024x560.png\" alt=\"Image\" class=\"wp-image-4263\" srcset=\"https:\/\/back2culture.cm\/wp-content\/uploads\/2025\/02\/image-3-1024x560.png 1024w, https:\/\/back2culture.cm\/wp-content\/uploads\/2025\/02\/image-3-300x164.png 300w, https:\/\/back2culture.cm\/wp-content\/uploads\/2025\/02\/image-3-768x420.png 768w, https:\/\/back2culture.cm\/wp-content\/uploads\/2025\/02\/image-3-1536x840.png 1536w, https:\/\/back2culture.cm\/wp-content\/uploads\/2025\/02\/image-3-2048x1120.png 2048w\" sizes=\"(max-width: 1024px) 100vw, 1024px\" \/><\/figure>\n\n\n\n<p>Les fran\u00e7ais nous ont massacr\u00e9s, alors que notre peuple demandait leur ind\u00e9pendance<br><em>&#8211; Mathieu Njassep, pr\u00e9sident de l&#8217;association des v\u00e9t\u00e9rans de l&#8217;arm\u00e9e de lib\u00e9ration nationale du Kamerun.<\/em><\/p>\n<\/blockquote>\n\n\n\n<blockquote class=\"wp-block-quote is-layout-flow wp-block-quote-is-layout-flow\">\n<figure class=\"wp-block-image size-large\"><img decoding=\"async\" width=\"1024\" height=\"556\" src=\"https:\/\/back2culture.cm\/wp-content\/uploads\/2025\/02\/image-1-1024x556.png\" alt=\"Image\" class=\"wp-image-4259\" srcset=\"https:\/\/back2culture.cm\/wp-content\/uploads\/2025\/02\/image-1-1024x556.png 1024w, https:\/\/back2culture.cm\/wp-content\/uploads\/2025\/02\/image-1-300x163.png 300w, https:\/\/back2culture.cm\/wp-content\/uploads\/2025\/02\/image-1-768x417.png 768w, https:\/\/back2culture.cm\/wp-content\/uploads\/2025\/02\/image-1-1536x834.png 1536w, https:\/\/back2culture.cm\/wp-content\/uploads\/2025\/02\/image-1-2048x1112.png 2048w\" sizes=\"(max-width: 1024px) 100vw, 1024px\" \/><\/figure>\n\n\n\n<p>Tout ce que l&#8217;on a appris jusqu&#8217;aujourd&#8217;hui, ce n&#8217;\u00e9tait pas l&#8217;histoire du Cameroun, c&#8217;\u00e9tait ce que la France voulait qu&#8217;on apprenne.<br><em>&#8211; Louise Mekah Fossi, fille d&#8217;un combattant ind\u00e9pendantiste camerounais.<\/em><\/p>\n<\/blockquote>\n\n\n\n<h2 class=\"wp-block-heading\">Conclusion<\/h2>\n\n\n\n<p>L\u2019expos\u00e9 de ces faits, tir\u00e9 de la vid\u00e9o et d\u00e9sormais confirm\u00e9 par un rapport officiel de plus de 1000 pages, rappelle l\u2019importance de revisiter et de reconna\u00eetre les zones d\u2019ombre de la d\u00e9colonisation. La violence de la r\u00e9pression, les massacres et l\u2019implication continue de la France constituent des chapitres m\u00e9connus mais essentiels de l\u2019histoire du Cameroun. Il appartient d\u00e9sormais aux responsables politiques de prendre conscience de ces \u00e9v\u00e9nements et d\u2019en assumer les responsabilit\u00e9s historiques, afin de r\u00e9parer le pass\u00e9 et de construire un avenir fond\u00e9 sur une m\u00e9moire partag\u00e9e.<\/p>\n\n\n\n<h4 class=\"wp-block-heading\">A voir aussi<\/h4>\n\n\n\n<figure class=\"wp-block-embed is-type-video is-provider-youtube wp-block-embed-youtube wp-embed-aspect-16-9 wp-has-aspect-ratio\"><div class=\"wp-block-embed__wrapper\">\n<iframe title=\"Colonisation fran\u00e7aise au Cameroun : un rapport d\u00e9voile des &#039;violences extr\u00eames&#039; entre 1945 et 1971\" width=\"500\" height=\"281\" src=\"https:\/\/www.youtube.com\/embed\/xg8UcOVoTMI?feature=oembed\" frameborder=\"0\" allow=\"accelerometer; autoplay; clipboard-write; encrypted-media; gyroscope; picture-in-picture; web-share\" referrerpolicy=\"strict-origin-when-cross-origin\" allowfullscreen><\/iframe>\n<\/div><\/figure>\n","protected":false},"excerpt":{"rendered":"<p>Le Cameroun, comme de nombreux pays d\u2019Afrique, porte les cicatrices d\u2019un long processus de d\u00e9colonisation. Une vid\u00e9o dont la transcription a r\u00e9cemment fait surface (source : transcript YouTube) r\u00e9v\u00e8le des d\u00e9tails saisissants sur la r\u00e9pression violente op\u00e9r\u00e9e par les autorit\u00e9s coloniales fran\u00e7aises lors de la lutte pour l\u2019ind\u00e9pendance. Un rapport officiel de plus de 1000 [&hellip;]<\/p>\n","protected":false},"author":1,"featured_media":4265,"comment_status":"open","ping_status":"open","sticky":false,"template":"","format":"standard","meta":{"_acf_changed":false,"slim_seo":{"title":"La guerre de d\u00e9colonisation au Cameroun : r\u00e9v\u00e9lations d\u2019un rapport officiel et les zones d\u2019ombre d\u2019un pass\u00e9 oubli\u00e9 - Back 2 Culture","description":"Le Cameroun, comme de nombreux pays d\u2019Afrique, porte les cicatrices d\u2019un long processus de d\u00e9colonisation. Une vid\u00e9o dont la transcription a r\u00e9cemment fait surf"},"footnotes":""},"categories":[39],"tags":[80,79],"class_list":["post-4256","post","type-post","status-publish","format-standard","has-post-thumbnail","hentry","category-histoire","tag-bassa","tag-histoire"],"acf":[],"_links":{"self":[{"href":"https:\/\/back2culture.cm\/en\/wp-json\/wp\/v2\/posts\/4256","targetHints":{"allow":["GET"]}}],"collection":[{"href":"https:\/\/back2culture.cm\/en\/wp-json\/wp\/v2\/posts"}],"about":[{"href":"https:\/\/back2culture.cm\/en\/wp-json\/wp\/v2\/types\/post"}],"author":[{"embeddable":true,"href":"https:\/\/back2culture.cm\/en\/wp-json\/wp\/v2\/users\/1"}],"replies":[{"embeddable":true,"href":"https:\/\/back2culture.cm\/en\/wp-json\/wp\/v2\/comments?post=4256"}],"version-history":[{"count":1,"href":"https:\/\/back2culture.cm\/en\/wp-json\/wp\/v2\/posts\/4256\/revisions"}],"predecessor-version":[{"id":4267,"href":"https:\/\/back2culture.cm\/en\/wp-json\/wp\/v2\/posts\/4256\/revisions\/4267"}],"wp:featuredmedia":[{"embeddable":true,"href":"https:\/\/back2culture.cm\/en\/wp-json\/wp\/v2\/media\/4265"}],"wp:attachment":[{"href":"https:\/\/back2culture.cm\/en\/wp-json\/wp\/v2\/media?parent=4256"}],"wp:term":[{"taxonomy":"category","embeddable":true,"href":"https:\/\/back2culture.cm\/en\/wp-json\/wp\/v2\/categories?post=4256"},{"taxonomy":"post_tag","embeddable":true,"href":"https:\/\/back2culture.cm\/en\/wp-json\/wp\/v2\/tags?post=4256"}],"curies":[{"name":"wp","href":"https:\/\/api.w.org\/{rel}","templated":true}]}}